{"id":6866,"date":"2025-11-20T09:23:09","date_gmt":"2025-11-20T09:23:09","guid":{"rendered":"https:\/\/www.sensei.es\/web\/?p=6866"},"modified":"2025-11-21T10:57:49","modified_gmt":"2025-11-21T10:57:49","slug":"sensei-refuerza-su-compromiso-social-apoyando-el-derecho-a-la-educacion-en-la-india","status":"publish","type":"post","link":"https:\/\/www.sensei.es\/web\/rsc\/sensei-refuerza-su-compromiso-social-apoyando-el-derecho-a-la-educacion-en-la-india\/","title":{"rendered":"Sensei refuerza su compromiso social apoyando el derecho a la educaci\u00f3n en la India"},"content":{"rendered":"\n<p><strong><a href=\"http:\/\/www.sensei.es\/\"><br>Sensei<\/a><\/strong>, nuestra Delegaci\u00f3n Oficial en Cartagena,&nbsp;<strong>reafirma su compromiso con el desarrollo y el bienestar de las personas y su entorno<\/strong>&nbsp;a trav\u00e9s de su colaboraci\u00f3n con la&nbsp;<strong><a href=\"https:\/\/www.fundacionvicenteferrer.org\/es\/\" target=\"_blank\" rel=\"noopener\">Fundaci\u00f3n Vicente Ferrer<\/a><\/strong>.<\/p>\n\n\n\n<p>El \u00faltimo proyecto conjunto ha consistido en la&nbsp;<strong>construcci\u00f3n de dormitorios para una escuela inclusiva de primaria en Dornala, India<\/strong>, que atiende a menores con y sin discapacidad de entre 4 y 14 a\u00f1os, pertenecientes a comunidades desfavorecidas.<\/p>\n\n\n\n<p>El&nbsp;<strong><a href=\"https:\/\/www.ahora.es\/wp-content\/uploads\/2025\/11\/INFORME-FINAL-DORNALA-SENSEI-TIC_2025_compressed.pdf\" target=\"_blank\" rel=\"noopener\">proyecto<\/a><\/strong>, iniciado en junio de 2023 y finalizado en junio de 2025, ha permitido ofrecer a los estudiantes&nbsp;<strong>infraestructuras seguras y adaptadas, equipamiento educativo adecuado, personal docente especializado y espacios de integraci\u00f3n social y cultural<\/strong>. Gracias a esta iniciativa, 70 menores ya cuentan con acceso a una educaci\u00f3n de calidad en un entorno inclusivo, promoviendo la igualdad de oportunidades y la integraci\u00f3n social.<\/p>\n\n\n\n<p>Entre los beneficiarios directos se encuentran 13 menores con discapacidad auditiva y del habla, as\u00ed como ni\u00f1os de zonas remotas con acceso limitado a servicios b\u00e1sicos. Adem\u00e1s,&nbsp;<strong>las familias y la comunidad local tambi\u00e9n se benefician indirectamente<\/strong>&nbsp;de estas acciones, a trav\u00e9s de talleres de sensibilizaci\u00f3n y participaci\u00f3n en la vida escolar.<\/p>\n\n\n\n<p>El proyecto ha contado con el compromiso de toda la comunidad educativa, incluyendo docentes, personal de apoyo y asociaciones de padres y madres, fomentando la participaci\u00f3n activa de las familias en el desarrollo de los estudiantes y la sensibilizaci\u00f3n sobre la importancia de la educaci\u00f3n inclusiva.<\/p>\n\n\n\n<p>Con esta colaboraci\u00f3n,&nbsp;<strong>Sensei&nbsp;<\/strong>contribuye a&nbsp;<strong>garantizar el derecho a la educaci\u00f3n de menores en situaci\u00f3n de vulnerabilidad<\/strong>, reafirmando su misi\u00f3n de generar un impacto social positivo y duradero en las comunidades donde act\u00faa.<\/p>\n\n\n<div class=\"wp-block-image\">\n<figure class=\"aligncenter size-full\"><a href=\"https:\/\/www.sensei.es\/web\/wp-content\/uploads\/2025\/11\/Sensei_01.webp\"><img fetchpriority=\"high\" decoding=\"async\" width=\"743\" height=\"418\" src=\"https:\/\/www.sensei.es\/web\/wp-content\/uploads\/2025\/11\/Sensei_01.webp\" alt=\"\" class=\"wp-image-6867\" srcset=\"https:\/\/www.sensei.es\/web\/wp-content\/uploads\/2025\/11\/Sensei_01.webp 743w, https:\/\/www.sensei.es\/web\/wp-content\/uploads\/2025\/11\/Sensei_01-300x169.webp 300w\" sizes=\"(max-width: 743px) 100vw, 743px\" \/><\/a><\/figure>\n<\/div>\n\n<div class=\"wp-block-image\">\n<figure class=\"aligncenter size-large\"><a href=\"https:\/\/www.sensei.es\/web\/wp-content\/uploads\/2025\/11\/Sensei_02.webp\"><img decoding=\"async\" width=\"1024\" height=\"576\" src=\"https:\/\/www.sensei.es\/web\/wp-content\/uploads\/2025\/11\/Sensei_02-1024x576.webp\" alt=\"\" class=\"wp-image-6868\" srcset=\"https:\/\/www.sensei.es\/web\/wp-content\/uploads\/2025\/11\/Sensei_02-1024x576.webp 1024w, https:\/\/www.sensei.es\/web\/wp-content\/uploads\/2025\/11\/Sensei_02-300x169.webp 300w, https:\/\/www.sensei.es\/web\/wp-content\/uploads\/2025\/11\/Sensei_02-768x432.webp 768w, https:\/\/www.sensei.es\/web\/wp-content\/uploads\/2025\/11\/Sensei_02.webp 1045w\" sizes=\"(max-width: 1024px) 100vw, 1024px\" \/><\/a><\/figure>\n<\/div>\n\n<div class=\"wp-block-image\">\n<figure class=\"aligncenter size-large\"><a href=\"https:\/\/www.sensei.es\/web\/wp-content\/uploads\/2025\/11\/Sensei_03.webp\"><img decoding=\"async\" width=\"1024\" height=\"576\" src=\"https:\/\/www.sensei.es\/web\/wp-content\/uploads\/2025\/11\/Sensei_03-1024x576.webp\" alt=\"\" class=\"wp-image-6869\" srcset=\"https:\/\/www.sensei.es\/web\/wp-content\/uploads\/2025\/11\/Sensei_03-1024x576.webp 1024w, https:\/\/www.sensei.es\/web\/wp-content\/uploads\/2025\/11\/Sensei_03-300x169.webp 300w, https:\/\/www.sensei.es\/web\/wp-content\/uploads\/2025\/11\/Sensei_03-768x432.webp 768w, https:\/\/www.sensei.es\/web\/wp-content\/uploads\/2025\/11\/Sensei_03.webp 1043w\" sizes=\"(max-width: 1024px) 100vw, 1024px\" \/><\/a><\/figure>\n<\/div>\n\n<div class=\"wp-block-image\">\n<figure class=\"aligncenter size-large\"><a href=\"https:\/\/www.sensei.es\/web\/wp-content\/uploads\/2025\/11\/Sensei_04.webp\"><img loading=\"lazy\" decoding=\"async\" width=\"1024\" height=\"576\" src=\"https:\/\/www.sensei.es\/web\/wp-content\/uploads\/2025\/11\/Sensei_04-1024x576.webp\" alt=\"\" class=\"wp-image-6870\" srcset=\"https:\/\/www.sensei.es\/web\/wp-content\/uploads\/2025\/11\/Sensei_04-1024x576.webp 1024w, https:\/\/www.sensei.es\/web\/wp-content\/uploads\/2025\/11\/Sensei_04-300x169.webp 300w, https:\/\/www.sensei.es\/web\/wp-content\/uploads\/2025\/11\/Sensei_04-768x432.webp 768w, https:\/\/www.sensei.es\/web\/wp-content\/uploads\/2025\/11\/Sensei_04.webp 1387w\" sizes=\"(max-width: 1024px) 100vw, 1024px\" \/><\/a><\/figure>\n<\/div>\n\n<div class=\"wp-block-image\">\n<figure class=\"aligncenter size-large\"><a href=\"https:\/\/www.sensei.es\/web\/wp-content\/uploads\/2025\/11\/Sensei_05.webp\"><img loading=\"lazy\" decoding=\"async\" width=\"1024\" height=\"576\" src=\"https:\/\/www.sensei.es\/web\/wp-content\/uploads\/2025\/11\/Sensei_05-1024x576.webp\" alt=\"\" class=\"wp-image-6871\" srcset=\"https:\/\/www.sensei.es\/web\/wp-content\/uploads\/2025\/11\/Sensei_05-1024x576.webp 1024w, https:\/\/www.sensei.es\/web\/wp-content\/uploads\/2025\/11\/Sensei_05-300x169.webp 300w, https:\/\/www.sensei.es\/web\/wp-content\/uploads\/2025\/11\/Sensei_05-768x432.webp 768w, https:\/\/www.sensei.es\/web\/wp-content\/uploads\/2025\/11\/Sensei_05.webp 1042w\" sizes=\"(max-width: 1024px) 100vw, 1024px\" \/><\/a><\/figure>\n<\/div>\n\n<div class=\"wp-block-image\">\n<figure class=\"aligncenter size-large\"><a href=\"https:\/\/www.sensei.es\/web\/wp-content\/uploads\/2025\/11\/Sensei_06.webp\"><img loading=\"lazy\" decoding=\"async\" width=\"1024\" height=\"576\" src=\"https:\/\/www.sensei.es\/web\/wp-content\/uploads\/2025\/11\/Sensei_06-1024x576.webp\" alt=\"\" class=\"wp-image-6872\" srcset=\"https:\/\/www.sensei.es\/web\/wp-content\/uploads\/2025\/11\/Sensei_06-1024x576.webp 1024w, https:\/\/www.sensei.es\/web\/wp-content\/uploads\/2025\/11\/Sensei_06-300x169.webp 300w, https:\/\/www.sensei.es\/web\/wp-content\/uploads\/2025\/11\/Sensei_06-768x432.webp 768w, https:\/\/www.sensei.es\/web\/wp-content\/uploads\/2025\/11\/Sensei_06-1536x864.webp 1536w, https:\/\/www.sensei.es\/web\/wp-content\/uploads\/2025\/11\/Sensei_06.webp 1557w\" sizes=\"(max-width: 1024px) 100vw, 1024px\" \/><\/a><\/figure>\n<\/div>\n\n<div class=\"wp-block-image\">\n<figure class=\"aligncenter size-large\"><a href=\"https:\/\/www.sensei.es\/web\/wp-content\/uploads\/2025\/11\/Sensei_07.webp\"><img loading=\"lazy\" decoding=\"async\" width=\"1024\" height=\"576\" src=\"https:\/\/www.sensei.es\/web\/wp-content\/uploads\/2025\/11\/Sensei_07-1024x576.webp\" alt=\"\" class=\"wp-image-6873\" srcset=\"https:\/\/www.sensei.es\/web\/wp-content\/uploads\/2025\/11\/Sensei_07-1024x576.webp 1024w, https:\/\/www.sensei.es\/web\/wp-content\/uploads\/2025\/11\/Sensei_07-300x169.webp 300w, https:\/\/www.sensei.es\/web\/wp-content\/uploads\/2025\/11\/Sensei_07-768x432.webp 768w, https:\/\/www.sensei.es\/web\/wp-content\/uploads\/2025\/11\/Sensei_07-1536x864.webp 1536w, https:\/\/www.sensei.es\/web\/wp-content\/uploads\/2025\/11\/Sensei_07.webp 1557w\" sizes=\"(max-width: 1024px) 100vw, 1024px\" \/><\/a><\/figure>\n<\/div>\n\n<div class=\"wp-block-image\">\n<figure class=\"aligncenter size-large\"><a href=\"https:\/\/www.sensei.es\/web\/wp-content\/uploads\/2025\/11\/Sensei_08.webp\"><img loading=\"lazy\" decoding=\"async\" width=\"1024\" height=\"576\" src=\"https:\/\/www.sensei.es\/web\/wp-content\/uploads\/2025\/11\/Sensei_08-1024x576.webp\" alt=\"\" class=\"wp-image-6874\" srcset=\"https:\/\/www.sensei.es\/web\/wp-content\/uploads\/2025\/11\/Sensei_08-1024x576.webp 1024w, https:\/\/www.sensei.es\/web\/wp-content\/uploads\/2025\/11\/Sensei_08-300x169.webp 300w, https:\/\/www.sensei.es\/web\/wp-content\/uploads\/2025\/11\/Sensei_08-768x432.webp 768w, https:\/\/www.sensei.es\/web\/wp-content\/uploads\/2025\/11\/Sensei_08-1536x864.webp 1536w, https:\/\/www.sensei.es\/web\/wp-content\/uploads\/2025\/11\/Sensei_08.webp 1557w\" sizes=\"(max-width: 1024px) 100vw, 1024px\" \/><\/a><\/figure>\n<\/div>\n\n<div class=\"wp-block-image\">\n<figure class=\"aligncenter size-full\"><a href=\"https:\/\/www.sensei.es\/web\/wp-content\/uploads\/2025\/11\/Sensei_09.webp\"><img loading=\"lazy\" decoding=\"async\" width=\"825\" height=\"464\" src=\"https:\/\/www.sensei.es\/web\/wp-content\/uploads\/2025\/11\/Sensei_09.webp\" alt=\"\" class=\"wp-image-6875\" srcset=\"https:\/\/www.sensei.es\/web\/wp-content\/uploads\/2025\/11\/Sensei_09.webp 825w, https:\/\/www.sensei.es\/web\/wp-content\/uploads\/2025\/11\/Sensei_09-300x169.webp 300w, https:\/\/www.sensei.es\/web\/wp-content\/uploads\/2025\/11\/Sensei_09-768x432.webp 768w\" sizes=\"(max-width: 825px) 100vw, 825px\" \/><\/a><\/figure>\n<\/div>\n\n<div class=\"wp-block-image\">\n<figure class=\"aligncenter size-large\"><a href=\"https:\/\/www.sensei.es\/web\/wp-content\/uploads\/2025\/11\/Sensei_10.webp\"><img loading=\"lazy\" decoding=\"async\" width=\"1024\" height=\"576\" src=\"https:\/\/www.sensei.es\/web\/wp-content\/uploads\/2025\/11\/Sensei_10-1024x576.webp\" alt=\"\" class=\"wp-image-6876\" srcset=\"https:\/\/www.sensei.es\/web\/wp-content\/uploads\/2025\/11\/Sensei_10-1024x576.webp 1024w, https:\/\/www.sensei.es\/web\/wp-content\/uploads\/2025\/11\/Sensei_10-300x169.webp 300w, https:\/\/www.sensei.es\/web\/wp-content\/uploads\/2025\/11\/Sensei_10-768x432.webp 768w, https:\/\/www.sensei.es\/web\/wp-content\/uploads\/2025\/11\/Sensei_10-1536x864.webp 1536w, https:\/\/www.sensei.es\/web\/wp-content\/uploads\/2025\/11\/Sensei_10.webp 2048w\" sizes=\"(max-width: 1024px) 100vw, 1024px\" \/><\/a><\/figure>\n<\/div>\n\n\n<p>Sensei mantiene una larga relaci\u00f3n con la&nbsp;<strong><a href=\"https:\/\/www.fundacionvicenteferrer.org\/es\/\" target=\"_blank\" rel=\"noopener\">Fundaci\u00f3n Vicente Ferrer<\/a><\/strong>, con la que colabora desde hace a\u00f1os en distintas iniciativas como el&nbsp;<strong>Proyecto de atenci\u00f3n m\u00e9dica pedi\u00e1trica de calidad,<\/strong>&nbsp;el&nbsp;<strong>Proyecto de excavaci\u00f3n de pozos para el suministro de agua potable<\/strong>, la&nbsp;<strong>participaci\u00f3n en un Proyecto de construcci\u00f3n de viviendas<\/strong>&nbsp;o la&nbsp;<strong><a href=\"https:\/\/www.ahora.es\/la-esencia-de-la-colaboracion-en-su-faceta-mas-valiosa\/\" target=\"_blank\" rel=\"noopener\">financiaci\u00f3n completa de una escuela<\/a><\/strong>&nbsp;en la aldea de<strong>&nbsp;Kambadahal<\/strong>, en la regi\u00f3n de&nbsp;<strong>Adoni<\/strong>&nbsp;que&nbsp;<strong>garantiza el derecho a la educaci\u00f3n de los m\u00e1s de 170 ni\u00f1os de la aldea<\/strong>, asegurando as\u00ed su igualdad de condiciones ante el futuro.<\/p>\n","protected":false},"excerpt":{"rendered":"<p>La Delegaci\u00f3n Oficial de AHORA en Cartagena colabora con la Fundaci\u00f3n Vicente Ferrer en la construcci\u00f3n de dormitorios para una escuela inclusiva de primaria, beneficiando a 70 menores con y sin discapacidad.<\/p>\n","protected":false},"author":1,"featured_media":6867,"comment_status":"open","ping_status":"open","sticky":false,"template":"","format":"standard","meta":{"inline_featured_image":false,"footnotes":""},"categories":[156],"tags":[],"class_list":["post-6866","post","type-post","status-publish","format-standard","has-post-thumbnail","hentry","category-rsc"],"_links":{"self":[{"href":"https:\/\/www.sensei.es\/web\/wp-json\/wp\/v2\/posts\/6866","targetHints":{"allow":["GET"]}}],"collection":[{"href":"https:\/\/www.sensei.es\/web\/wp-json\/wp\/v2\/posts"}],"about":[{"href":"https:\/\/www.sensei.es\/web\/wp-json\/wp\/v2\/types\/post"}],"author":[{"embeddable":true,"href":"https:\/\/www.sensei.es\/web\/wp-json\/wp\/v2\/users\/1"}],"replies":[{"embeddable":true,"href":"https:\/\/www.sensei.es\/web\/wp-json\/wp\/v2\/comments?post=6866"}],"version-history":[{"count":2,"href":"https:\/\/www.sensei.es\/web\/wp-json\/wp\/v2\/posts\/6866\/revisions"}],"predecessor-version":[{"id":6878,"href":"https:\/\/www.sensei.es\/web\/wp-json\/wp\/v2\/posts\/6866\/revisions\/6878"}],"wp:featuredmedia":[{"embeddable":true,"href":"https:\/\/www.sensei.es\/web\/wp-json\/wp\/v2\/media\/6867"}],"wp:attachment":[{"href":"https:\/\/www.sensei.es\/web\/wp-json\/wp\/v2\/media?parent=6866"}],"wp:term":[{"taxonomy":"category","embeddable":true,"href":"https:\/\/www.sensei.es\/web\/wp-json\/wp\/v2\/categories?post=6866"},{"taxonomy":"post_tag","embeddable":true,"href":"https:\/\/www.sensei.es\/web\/wp-json\/wp\/v2\/tags?post=6866"}],"curies":[{"name":"wp","href":"https:\/\/api.w.org\/{rel}","templated":true}]}}