{"id":5547,"date":"2024-02-23T10:55:53","date_gmt":"2024-02-23T10:55:53","guid":{"rendered":"https:\/\/www.sensei.es\/web\/?p=5547"},"modified":"2024-02-23T11:08:04","modified_gmt":"2024-02-23T11:08:04","slug":"contribucion-a-la-fundacion-fibrosis-quistica-murcia","status":"publish","type":"post","link":"https:\/\/www.sensei.es\/web\/rsc\/contribucion-a-la-fundacion-fibrosis-quistica-murcia\/","title":{"rendered":"Contribuci\u00f3n a la Fundaci\u00f3n Fibrosis Qu\u00edstica Murcia"},"content":{"rendered":"\t\t<div data-elementor-type=\"wp-post\" data-elementor-id=\"5547\" class=\"elementor elementor-5547\" data-elementor-post-type=\"post\">\n\t\t\t\t\t\t<section class=\"elementor-section elementor-top-section elementor-element elementor-element-668d1b30 elementor-section-full_width elementor-section-height-default elementor-section-height-default\" data-id=\"668d1b30\" data-element_type=\"section\">\n\t\t\t\t\t\t<div class=\"elementor-container elementor-column-gap-default\">\n\t\t\t\t\t<div class=\"elementor-column elementor-col-50 elementor-top-column elementor-element elementor-element-35d43463\" data-id=\"35d43463\" data-element_type=\"column\">\n\t\t\t<div class=\"elementor-widget-wrap elementor-element-populated\">\n\t\t\t\t\t\t<div class=\"elementor-element elementor-element-3536f29d elementor-drop-cap-yes elementor-widget__width-initial elementor-drop-cap-view-default elementor-widget elementor-widget-text-editor\" data-id=\"3536f29d\" data-element_type=\"widget\" data-settings=\"{&quot;drop_cap&quot;:&quot;yes&quot;}\" data-widget_type=\"text-editor.default\">\n\t\t\t\t<div class=\"elementor-widget-container\">\n\t\t\t<style>\/*! elementor - v3.19.0 - 05-02-2024 *\/\n.elementor-widget-text-editor.elementor-drop-cap-view-stacked .elementor-drop-cap{background-color:#69727d;color:#fff}.elementor-widget-text-editor.elementor-drop-cap-view-framed .elementor-drop-cap{color:#69727d;border:3px solid;background-color:transparent}.elementor-widget-text-editor:not(.elementor-drop-cap-view-default) .elementor-drop-cap{margin-top:8px}.elementor-widget-text-editor:not(.elementor-drop-cap-view-default) .elementor-drop-cap-letter{width:1em;height:1em}.elementor-widget-text-editor .elementor-drop-cap{float:left;text-align:center;line-height:1;font-size:50px}.elementor-widget-text-editor .elementor-drop-cap-letter{display:inline-block}<\/style>\t\t\t\t<h1>Contribuci\u00f3n a la Fundaci\u00f3n Fibrosis Qu\u00edstica Murcia<\/h1>\n<p dir=\"ltr\" style=\"line-height: 1.38; margin-top: 15pt; margin-bottom: 0pt;\"><span style=\"color: rgb(13, 13, 13); font-family: S\u00f6hne, ui-sans-serif, system-ui, -apple-system, &quot;Segoe UI&quot;, Roboto, Ubuntu, Cantarell, &quot;Noto Sans&quot;, sans-serif, &quot;Helvetica Neue&quot;, Arial, &quot;Apple Color Emoji&quot;, &quot;Segoe UI Emoji&quot;, &quot;Segoe UI Symbol&quot;, &quot;Noto Color Emoji&quot;; white-space-collapse: preserve;\">En nuestra continua b\u00fasqueda de marcar una diferencia positiva en la sociedad, Sensei se enorgullece de destacar otro proyecto emblem\u00e1tico de Responsabilidad Social Corporativa. En esta ocasi\u00f3n, recordamos con gratitud nuestra colaboraci\u00f3n con la Fundaci\u00f3n Fibrosis Qu\u00edstica.<\/span><span style=\"color: #0d0d0d; font-family: S\u00f6hne, ui-sans-serif, system-ui, -apple-system, 'Segoe UI', Roboto, Ubuntu, Cantarell, 'Noto Sans', sans-serif, 'Helvetica Neue', Arial, 'Apple Color Emoji', 'Segoe UI Emoji', 'Segoe UI Symbol', 'Noto Color Emoji'; white-space-collapse: preserve; font-weight: var( --e-global-typography-text-font-weight );\"><br><\/span><\/p><p dir=\"ltr\" style=\"line-height: 1.38; margin-top: 15pt; margin-bottom: 0pt;\"><span style=\"color: #0d0d0d; font-family: S\u00f6hne, ui-sans-serif, system-ui, -apple-system, 'Segoe UI', Roboto, Ubuntu, Cantarell, 'Noto Sans', sans-serif, 'Helvetica Neue', Arial, 'Apple Color Emoji', 'Segoe UI Emoji', 'Segoe UI Symbol', 'Noto Color Emoji'; white-space-collapse: preserve; font-weight: var( --e-global-typography-text-font-weight );\">La donaci\u00f3n otorgada por Sensei a la Fundaci\u00f3n Fibrosis Qu\u00edstica Murcia, estimada en 800.000 pesetas de la \u00e9poca, ha sido un catalizador para el progreso y la esperanza en la lucha contra esta enfermedad. Esta contribuci\u00f3n demuestra un punto de partida de nuestro compromiso continuo con el bienestar de la comunidad.<\/span><\/p>\n<p dir=\"ltr\" style=\"line-height: 1.38; margin-top: 15pt; margin-bottom: 0pt;\">\n<\/p><p dir=\"ltr\"><a href=\"https:\/\/www.sensei.es\/web\/wp-content\/uploads\/2024\/02\/Edificio-asociacion-murciana-fibrosis-quistica-1-scaled-1.jpg\"><img fetchpriority=\"high\" decoding=\"async\" src=\"https:\/\/www.sensei.es\/web\/wp-content\/uploads\/2024\/02\/Edificio-asociacion-murciana-fibrosis-quistica-1-scaled-1.jpg\" alt=\"\" width=\"2560\" height=\"1843\"><\/a><\/p>\t\t\t\t\t\t<\/div>\n\t\t\t\t<\/div>\n\t\t\t\t\t<\/div>\n\t\t<\/div>\n\t\t\t\t<div class=\"elementor-column elementor-col-50 elementor-top-column elementor-element elementor-element-311582d\" data-id=\"311582d\" data-element_type=\"column\">\n\t\t\t<div class=\"elementor-widget-wrap elementor-element-populated\">\n\t\t\t\t\t\t<div class=\"elementor-element elementor-element-366703e1 elementor-widget__width-initial elementor-toc--minimized-on-tablet elementor-widget elementor-widget-table-of-contents\" data-id=\"366703e1\" data-element_type=\"widget\" data-settings=\"{&quot;headings_by_tags&quot;:[&quot;h1&quot;,&quot;h2&quot;],&quot;exclude_headings_by_selector&quot;:[],&quot;marker_view&quot;:&quot;numbers&quot;,&quot;minimize_box&quot;:&quot;yes&quot;,&quot;minimized_on&quot;:&quot;tablet&quot;,&quot;min_height&quot;:{&quot;unit&quot;:&quot;px&quot;,&quot;size&quot;:&quot;&quot;,&quot;sizes&quot;:[]},&quot;min_height_tablet&quot;:{&quot;unit&quot;:&quot;px&quot;,&quot;size&quot;:&quot;&quot;,&quot;sizes&quot;:[]},&quot;min_height_mobile&quot;:{&quot;unit&quot;:&quot;px&quot;,&quot;size&quot;:&quot;&quot;,&quot;sizes&quot;:[]}}\" data-widget_type=\"table-of-contents.default\">\n\t\t\t\t<div class=\"elementor-widget-container\">\n\t\t\t<style>\/*! elementor-pro - v3.19.0 - 05-02-2024 *\/\n.elementor-widget-table-of-contents .elementor-toc__header-title{color:var(--header-color)}.elementor-widget-table-of-contents.elementor-toc--collapsed .elementor-toc__toggle-button--collapse,.elementor-widget-table-of-contents:not(.elementor-toc--collapsed) .elementor-toc__toggle-button--expand{display:none}.elementor-widget-table-of-contents .elementor-widget-container{min-height:var(--box-min-height);border:var(--box-border-width,1px) solid var(--box-border-color,#9da5ae);border-radius:var(--box-border-radius,3px);background-color:var(--box-background-color);transition:min-height .4s;overflow:hidden}.elementor-toc__header{display:flex;align-items:center;justify-content:space-between;padding:var(--box-padding,20px);background-color:var(--header-background-color);border-bottom:var(--separator-width,1px) solid var(--box-border-color,#9da5ae)}.elementor-toc__header-title{font-size:18px;margin:0;color:var(--header-color)}.elementor-toc__toggle-button{cursor:pointer;display:inline-flex}.elementor-toc__toggle-button i{color:var(--toggle-button-color)}.elementor-toc__toggle-button svg{height:1em;width:1em;fill:var(--toggle-button-color)}.elementor-toc__spinner-container{text-align:center}.elementor-toc__spinner{font-size:2em}.elementor-toc__spinner.e-font-icon-svg{height:1em;width:1em}.elementor-toc__body{padding:var(--box-padding,20px);max-height:var(--toc-body-max-height);overflow-y:auto}.elementor-toc__body::-webkit-scrollbar{width:7px}.elementor-toc__body::-webkit-scrollbar-thumb{background-color:#babfc5;border-radius:10px}.elementor-toc__list-wrapper{list-style:none;padding:0}.elementor-toc__list-item{margin-bottom:.5em}.elementor-toc__list-item.elementor-item-active{font-weight:700}.elementor-toc__list-item .elementor-toc__list-wrapper{margin-top:.5em;margin-left:var(--nested-list-indent,1em)}.elementor-toc__list-item-text:hover{color:var(--item-text-hover-color);-webkit-text-decoration:var(--item-text-hover-decoration);text-decoration:var(--item-text-hover-decoration)}.elementor-toc__list-item-text.elementor-item-active{color:var(--item-text-active-color);-webkit-text-decoration:var(--item-text-active-decoration);text-decoration:var(--item-text-active-decoration)}.elementor-toc__list-item-text-wrapper{display:flex;align-items:center}.elementor-toc__list-item-text-wrapper:before,.elementor-toc__list-item-text-wrapper i{margin-right:8px;color:var(--marker-color)}.elementor-toc__list-item-text-wrapper svg{margin-right:8px;fill:var(--marker-color);height:var(--marker-size,.5em);width:var(--marker-size,.5em)}.elementor-toc__list-item-text-wrapper i{font-size:var(--marker-size,.5em)}.elementor-toc__list-item-text-wrapper:before{font-size:var(--marker-size,1em)}.elementor-toc--content-ellipsis .elementor-toc__list-item-text{white-space:nowrap;overflow:hidden;text-overflow:ellipsis}.elementor-toc__list-items--collapsible>.elementor-toc__list-wrapper>.elementor-toc__list-item>.elementor-toc__list-wrapper{display:none}.elementor-toc__heading-anchor{position:absolute}.elementor-toc__body .elementor-toc__list-item-text{color:var(--item-text-color);-webkit-text-decoration:var(--item-text-decoration);text-decoration:var(--item-text-decoration)}.elementor-toc__body .elementor-toc__list-item-text:hover{color:var(--item-text-hover-color);-webkit-text-decoration:var(--item-text-hover-decoration);text-decoration:var(--item-text-hover-decoration)}.elementor-toc__body .elementor-toc__list-item-text.elementor-item-active{color:var(--item-text-active-color);-webkit-text-decoration:var(--item-text-active-decoration);text-decoration:var(--item-text-active-decoration)}ol.elementor-toc__list-wrapper{counter-reset:item}ol.elementor-toc__list-wrapper .elementor-toc__list-item{counter-increment:item}ol.elementor-toc__list-wrapper .elementor-toc__list-item-text-wrapper:before{content:counters(item,\".\") \". \"}<\/style>\t\t<div class=\"elementor-toc__header\">\n\t\t\t<h4 class=\"elementor-toc__header-title\">\n\t\t\t\tTabla de contenidos\t\t\t<\/h4>\n\t\t\t\t\t\t\t<div class=\"elementor-toc__toggle-button elementor-toc__toggle-button--expand\" role=\"button\" tabindex=\"0\" aria-controls=\"elementor-toc__366703e1\" aria-expanded=\"true\" aria-label=\"Abrir la tabla de contenidos\"><i aria-hidden=\"true\" class=\"fas fa-chevron-down\"><\/i><\/div>\n\t\t\t\t<div class=\"elementor-toc__toggle-button elementor-toc__toggle-button--collapse\" role=\"button\" tabindex=\"0\" aria-controls=\"elementor-toc__366703e1\" aria-expanded=\"true\" aria-label=\"Cerrar la tabla de contenidos\"><i aria-hidden=\"true\" class=\"fas fa-chevron-up\"><\/i><\/div>\n\t\t\t\t\t<\/div>\n\t\t<div id=\"elementor-toc__366703e1\" class=\"elementor-toc__body\">\n\t\t\t<div class=\"elementor-toc__spinner-container\">\n\t\t\t\t<i class=\"elementor-toc__spinner eicon-animation-spin eicon-loading\" aria-hidden=\"true\"><\/i>\t\t\t<\/div>\n\t\t<\/div>\n\t\t\t\t<\/div>\n\t\t\t\t<\/div>\n\t\t\t\t<div class=\"elementor-element elementor-element-950c27b elementor-widget elementor-widget-image\" data-id=\"950c27b\" data-element_type=\"widget\" data-widget_type=\"image.default\">\n\t\t\t\t<div class=\"elementor-widget-container\">\n\t\t\t<style>\/*! elementor - v3.19.0 - 05-02-2024 *\/\n.elementor-widget-image{text-align:center}.elementor-widget-image a{display:inline-block}.elementor-widget-image a img[src$=\".svg\"]{width:48px}.elementor-widget-image img{vertical-align:middle;display:inline-block}<\/style>\t\t\t\t\t\t\t\t\t\t<img decoding=\"async\" width=\"1536\" height=\"1106\" src=\"https:\/\/www.sensei.es\/web\/wp-content\/uploads\/2024\/02\/Edificio-asociacion-murciana-fibrosis-quistica-1-scaled-1-1536x1106.jpg\" class=\"attachment-1536x1536 size-1536x1536 wp-image-5546\" alt=\"\" srcset=\"https:\/\/www.sensei.es\/web\/wp-content\/uploads\/2024\/02\/Edificio-asociacion-murciana-fibrosis-quistica-1-scaled-1-1536x1106.jpg 1536w, https:\/\/www.sensei.es\/web\/wp-content\/uploads\/2024\/02\/Edificio-asociacion-murciana-fibrosis-quistica-1-scaled-1-300x216.jpg 300w, https:\/\/www.sensei.es\/web\/wp-content\/uploads\/2024\/02\/Edificio-asociacion-murciana-fibrosis-quistica-1-scaled-1-1024x737.jpg 1024w, https:\/\/www.sensei.es\/web\/wp-content\/uploads\/2024\/02\/Edificio-asociacion-murciana-fibrosis-quistica-1-scaled-1-768x553.jpg 768w, https:\/\/www.sensei.es\/web\/wp-content\/uploads\/2024\/02\/Edificio-asociacion-murciana-fibrosis-quistica-1-scaled-1-2048x1474.jpg 2048w\" sizes=\"(max-width: 1536px) 100vw, 1536px\" \/>\t\t\t\t\t\t\t\t\t\t\t\t\t<\/div>\n\t\t\t\t<\/div>\n\t\t\t\t<div class=\"elementor-element elementor-element-6a9a4836 elementor-widget elementor-widget-image\" data-id=\"6a9a4836\" data-element_type=\"widget\" data-widget_type=\"image.default\">\n\t\t\t\t<div class=\"elementor-widget-container\">\n\t\t\t\t\t\t\t\t\t\t\t\t\t\t<a href=\"https:\/\/www.sensei.es\/web\/ahora\/\">\n\t\t\t\t\t\t\t<img decoding=\"async\" width=\"692\" height=\"361\" src=\"https:\/\/www.sensei.es\/web\/wp-content\/uploads\/2022\/01\/Ahora_Sensei.png\" class=\"attachment-large size-large wp-image-3812\" alt=\"ahora sensei\" srcset=\"https:\/\/www.sensei.es\/web\/wp-content\/uploads\/2022\/01\/Ahora_Sensei.png 692w, https:\/\/www.sensei.es\/web\/wp-content\/uploads\/2022\/01\/Ahora_Sensei-300x157.png 300w\" sizes=\"(max-width: 692px) 100vw, 692px\" \/>\t\t\t\t\t\t\t\t<\/a>\n\t\t\t\t\t\t\t\t\t\t\t\t\t<\/div>\n\t\t\t\t<\/div>\n\t\t\t\t<div class=\"elementor-element elementor-element-3865a5d6 elementor-widget elementor-widget-image\" data-id=\"3865a5d6\" data-element_type=\"widget\" data-widget_type=\"image.default\">\n\t\t\t\t<div class=\"elementor-widget-container\">\n\t\t\t\t\t\t\t\t\t\t\t\t\t<img loading=\"lazy\" decoding=\"async\" width=\"300\" height=\"300\" src=\"https:\/\/www.sensei.es\/web\/wp-content\/uploads\/2022\/01\/peninsula-1.svg\" class=\"attachment-medium size-medium wp-image-3771\" alt=\"\" \/>\t\t\t\t\t\t\t\t\t\t\t\t\t<\/div>\n\t\t\t\t<\/div>\n\t\t\t\t\t<\/div>\n\t\t<\/div>\n\t\t\t\t\t<\/div>\n\t\t<\/section>\n\t\t\t\t<section class=\"elementor-section elementor-top-section elementor-element elementor-element-7cc40211 elementor-section-boxed elementor-section-height-default elementor-section-height-default\" data-id=\"7cc40211\" data-element_type=\"section\">\n\t\t\t\t\t\t<div class=\"elementor-container elementor-column-gap-default\">\n\t\t\t\t\t<div class=\"elementor-column elementor-col-100 elementor-top-column elementor-element elementor-element-36a3a001\" data-id=\"36a3a001\" data-element_type=\"column\">\n\t\t\t<div class=\"elementor-widget-wrap elementor-element-populated\">\n\t\t\t\t\t\t<div class=\"elementor-element elementor-element-7d570511 elementor-widget elementor-widget-text-editor\" data-id=\"7d570511\" data-element_type=\"widget\" data-widget_type=\"text-editor.default\">\n\t\t\t\t<div class=\"elementor-widget-container\">\n\t\t\t\t\t\t\t<p><strong>M\u00e1s proyectos RSC<\/strong><\/p>\t\t\t\t\t\t<\/div>\n\t\t\t\t<\/div>\n\t\t\t\t<div class=\"elementor-element elementor-element-20cca4ac pp-equal-height-yes pp-posts-thumbnail-ratio elementor-grid-3 elementor-grid-tablet-2 elementor-grid-mobile-1 elementor-widget elementor-widget-pp-posts\" data-id=\"20cca4ac\" data-element_type=\"widget\" data-settings=\"{&quot;classic_columns&quot;:&quot;3&quot;,&quot;classic_columns_tablet&quot;:&quot;2&quot;,&quot;classic_columns_mobile&quot;:&quot;1&quot;,&quot;classic_slides_to_scroll&quot;:&quot;1&quot;,&quot;classic_slides_to_scroll_tablet&quot;:&quot;1&quot;,&quot;classic_slides_to_scroll_mobile&quot;:&quot;1&quot;,&quot;classic_animation_speed&quot;:600,&quot;classic_arrows&quot;:&quot;yes&quot;,&quot;classic_dots&quot;:&quot;no&quot;,&quot;classic_autoplay&quot;:&quot;yes&quot;,&quot;classic_autoplay_speed&quot;:3000,&quot;classic_pause_on_hover&quot;:&quot;yes&quot;,&quot;classic_infinite_loop&quot;:&quot;yes&quot;,&quot;classic_adaptive_height&quot;:&quot;yes&quot;,&quot;classic_direction&quot;:&quot;left&quot;}\" data-widget_type=\"pp-posts.classic\">\n\t\t\t\t<div class=\"elementor-widget-container\">\n\t\t\t\t\t<div class=\"pp-posts-container swiper-container-wrap swiper swiper-container-wrap-dots-outside\">\n\t\t\t\n\t\t\t\n\t\t\t<div class=\"pp-posts pp-posts-skin-classic pp-posts-carousel pp-swiper-slider swiper-container\" data-equal-height=\"yes\" data-query-type=\"custom\" data-layout=\"carousel\" data-page=\"5547\" data-skin=\"classic\" data-slider-settings=\"{&quot;direction&quot;:&quot;horizontal&quot;,&quot;speed&quot;:600,&quot;slidesPerView&quot;:3,&quot;autoHeight&quot;:true,&quot;watchSlidesVisibility&quot;:true,&quot;centeredSlides&quot;:false,&quot;loop&quot;:true,&quot;autoplay&quot;:{&quot;delay&quot;:3000,&quot;pauseOnHover&quot;:true,&quot;disableOnInteraction&quot;:true},&quot;navigation&quot;:{&quot;nextEl&quot;:&quot;.swiper-button-next-20cca4ac&quot;,&quot;prevEl&quot;:&quot;.swiper-button-prev-20cca4ac&quot;},&quot;breakpoints&quot;:{&quot;1025&quot;:{&quot;slidesPerView&quot;:3},&quot;768&quot;:{&quot;slidesPerView&quot;:2},&quot;320&quot;:{&quot;slidesPerView&quot;:1}}}\">\n\t\t\t\t<div class=\"swiper-wrapper\">\t\t\t\t\t\t\t<div class=\"pp-post-wrap pp-carousel-item-wrap swiper-slide post-6866 post type-post status-publish format-standard has-post-thumbnail hentry category-rsc\">\n\t\t\t\t\t\t<div class=\"pp-post pp-carousel-item\">\n\t\t\t\t\n\t\t\t\t\n\t\t\t\t<div class=\"pp-post-content-wrap\">\n\t\t\t\t\t<div class=\"pp-post-content\">\n\t\t\t\t\t\t\t\t<div class=\"pp-post-thumbnail\">\n\t\t\t<div class=\"pp-post-thumbnail-wrap\">\n\t\t\t\t<a href=\"https:\/\/www.sensei.es\/web\/rsc\/sensei-refuerza-su-compromiso-social-apoyando-el-derecho-a-la-educacion-en-la-india\/\"><img loading=\"lazy\" decoding=\"async\" width=\"300\" height=\"169\" src=\"https:\/\/www.sensei.es\/web\/wp-content\/uploads\/2025\/11\/Sensei_01-300x169.webp\" class=\"attachment-medium size-medium wp-image-6867\" alt=\"Construcci\u00f3n de dormitorios para escuela inclusiva de primaria para menores con y sin discapacidad en Dornala con el apoyo de Sensei\" srcset=\"https:\/\/www.sensei.es\/web\/wp-content\/uploads\/2025\/11\/Sensei_01-300x169.webp 300w, https:\/\/www.sensei.es\/web\/wp-content\/uploads\/2025\/11\/Sensei_01.webp 743w\" sizes=\"(max-width: 300px) 100vw, 300px\" \/><\/a>\t\t\t<\/div>\n\t\t<\/div>\n\t\t\t\t\t\t\t\t<div class=\"pp-post-meta\">\n\t\t\t\t\t\t\t<\/div>\n\t\t\t\t\t\t\t\t\t<span class=\"pp-post-title\">\n\t\t\t\t<a href=\"https:\/\/www.sensei.es\/web\/rsc\/sensei-refuerza-su-compromiso-social-apoyando-el-derecho-a-la-educacion-en-la-india\/\">Sensei refuerza su compromiso social apoyando el derecho a la educaci\u00f3n en la India<\/a>\t\t\t<\/span>\n\t\t\t\t\t\t\t<div class=\"pp-post-excerpt\">\n\t\t\tSensei, nuestra Delegaci\u00f3n Oficial en Cartagena,&nbsp;reafirma su compromiso con el desarrollo y el bienestar de las personas y su entorno&nbsp;a...\t\t<\/div>\n\t\t\t\t\t\t\t\t\t<\/div>\n\t\t\t\t\t\t\t\t\t<a class=\"pp-posts-button elementor-button elementor-size-sm\" href=\"https:\/\/www.sensei.es\/web\/rsc\/sensei-refuerza-su-compromiso-social-apoyando-el-derecho-a-la-educacion-en-la-india\/\">\n\t\t\t\t\t\t\t\t\t\t<span class=\"pp-button-text\">\n\t\t\t\t\tLeer m\u00e1s\t\t\t\t<\/span>\n\t\t\t\t\t\t\t\t\t<span class=\"pp-button-icon elementor-button-icon elementor-align-icon-right\">\n\t\t\t\t\t\t\t<\/span>\n\t\t\t\t\t<\/a>\n\t\t\t\t\t\t\t\t<\/div>\n\n\t\t\t\t\t\t\t<\/div>\n\t\t\t\t\t<\/div>\n\t\t\t\t<div class=\"pp-post-wrap pp-carousel-item-wrap swiper-slide post-5547 post type-post status-publish format-standard has-post-thumbnail hentry category-rsc\">\n\t\t\t\t\t\t<div class=\"pp-post pp-carousel-item\">\n\t\t\t\t\n\t\t\t\t\n\t\t\t\t<div class=\"pp-post-content-wrap\">\n\t\t\t\t\t<div class=\"pp-post-content\">\n\t\t\t\t\t\t\t\t<div class=\"pp-post-thumbnail\">\n\t\t\t<div class=\"pp-post-thumbnail-wrap\">\n\t\t\t\t<a href=\"https:\/\/www.sensei.es\/web\/rsc\/contribucion-a-la-fundacion-fibrosis-quistica-murcia\/\"><img loading=\"lazy\" decoding=\"async\" width=\"300\" height=\"216\" src=\"https:\/\/www.sensei.es\/web\/wp-content\/uploads\/2024\/02\/Edificio-asociacion-murciana-fibrosis-quistica-1-scaled-1-300x216.jpg\" class=\"attachment-medium size-medium wp-image-5546\" alt=\"\" srcset=\"https:\/\/www.sensei.es\/web\/wp-content\/uploads\/2024\/02\/Edificio-asociacion-murciana-fibrosis-quistica-1-scaled-1-300x216.jpg 300w, https:\/\/www.sensei.es\/web\/wp-content\/uploads\/2024\/02\/Edificio-asociacion-murciana-fibrosis-quistica-1-scaled-1-1024x737.jpg 1024w, https:\/\/www.sensei.es\/web\/wp-content\/uploads\/2024\/02\/Edificio-asociacion-murciana-fibrosis-quistica-1-scaled-1-768x553.jpg 768w, https:\/\/www.sensei.es\/web\/wp-content\/uploads\/2024\/02\/Edificio-asociacion-murciana-fibrosis-quistica-1-scaled-1-1536x1106.jpg 1536w, https:\/\/www.sensei.es\/web\/wp-content\/uploads\/2024\/02\/Edificio-asociacion-murciana-fibrosis-quistica-1-scaled-1-2048x1474.jpg 2048w\" sizes=\"(max-width: 300px) 100vw, 300px\" \/><\/a>\t\t\t<\/div>\n\t\t<\/div>\n\t\t\t\t\t\t\t\t<div class=\"pp-post-meta\">\n\t\t\t\t\t\t\t<\/div>\n\t\t\t\t\t\t\t\t\t<span class=\"pp-post-title\">\n\t\t\t\t<a href=\"https:\/\/www.sensei.es\/web\/rsc\/contribucion-a-la-fundacion-fibrosis-quistica-murcia\/\">Contribuci\u00f3n a la Fundaci\u00f3n Fibrosis Qu\u00edstica Murcia<\/a>\t\t\t<\/span>\n\t\t\t\t\t\t\t<div class=\"pp-post-excerpt\">\n\t\t\tContribuci\u00f3n a la Fundaci\u00f3n Fibrosis Qu\u00edstica Murcia En nuestra continua b\u00fasqueda de marcar una diferencia positiva en la sociedad, Sensei...\t\t<\/div>\n\t\t\t\t\t\t\t\t\t<\/div>\n\t\t\t\t\t\t\t\t\t<a class=\"pp-posts-button elementor-button elementor-size-sm\" href=\"https:\/\/www.sensei.es\/web\/rsc\/contribucion-a-la-fundacion-fibrosis-quistica-murcia\/\">\n\t\t\t\t\t\t\t\t\t\t<span class=\"pp-button-text\">\n\t\t\t\t\tLeer m\u00e1s\t\t\t\t<\/span>\n\t\t\t\t\t\t\t\t\t<span class=\"pp-button-icon elementor-button-icon elementor-align-icon-right\">\n\t\t\t\t\t\t\t<\/span>\n\t\t\t\t\t<\/a>\n\t\t\t\t\t\t\t\t<\/div>\n\n\t\t\t\t\t\t\t<\/div>\n\t\t\t\t\t<\/div>\n\t\t\t\t<div class=\"pp-post-wrap pp-carousel-item-wrap swiper-slide post-5527 post type-post status-publish format-standard has-post-thumbnail hentry category-rsc\">\n\t\t\t\t\t\t<div class=\"pp-post pp-carousel-item\">\n\t\t\t\t\n\t\t\t\t\n\t\t\t\t<div class=\"pp-post-content-wrap\">\n\t\t\t\t\t<div class=\"pp-post-content\">\n\t\t\t\t\t\t\t\t<div class=\"pp-post-thumbnail\">\n\t\t\t<div class=\"pp-post-thumbnail-wrap\">\n\t\t\t\t<a href=\"https:\/\/www.sensei.es\/web\/rsc\/impulsando-la-inclusion-digital-aula-de-informatica-para-la-huertecica\/\"><img loading=\"lazy\" decoding=\"async\" width=\"300\" height=\"200\" src=\"https:\/\/www.sensei.es\/web\/wp-content\/uploads\/2024\/02\/Donativo-huertecica-300x200.jpg\" class=\"attachment-medium size-medium wp-image-5532\" alt=\"\" srcset=\"https:\/\/www.sensei.es\/web\/wp-content\/uploads\/2024\/02\/Donativo-huertecica-300x200.jpg 300w, https:\/\/www.sensei.es\/web\/wp-content\/uploads\/2024\/02\/Donativo-huertecica-1024x683.jpg 1024w, https:\/\/www.sensei.es\/web\/wp-content\/uploads\/2024\/02\/Donativo-huertecica-768x512.jpg 768w, https:\/\/www.sensei.es\/web\/wp-content\/uploads\/2024\/02\/Donativo-huertecica.jpg 1440w\" sizes=\"(max-width: 300px) 100vw, 300px\" \/><\/a>\t\t\t<\/div>\n\t\t<\/div>\n\t\t\t\t\t\t\t\t<div class=\"pp-post-meta\">\n\t\t\t\t\t\t\t<\/div>\n\t\t\t\t\t\t\t\t\t<span class=\"pp-post-title\">\n\t\t\t\t<a href=\"https:\/\/www.sensei.es\/web\/rsc\/impulsando-la-inclusion-digital-aula-de-informatica-para-la-huertecica\/\">Impulsando la Inclusi\u00f3n Digital: Aula de Inform\u00e1tica para La Huertecica<\/a>\t\t\t<\/span>\n\t\t\t\t\t\t\t<div class=\"pp-post-excerpt\">\n\t\t\tImpulsando la Inclusi\u00f3n Digital: Aula de Inform\u00e1tica para La HuertecicaEn un mundo cada vez m\u00e1s digitalizado, el acceso a la...\t\t<\/div>\n\t\t\t\t\t\t\t\t\t<\/div>\n\t\t\t\t\t\t\t\t\t<a class=\"pp-posts-button elementor-button elementor-size-sm\" href=\"https:\/\/www.sensei.es\/web\/rsc\/impulsando-la-inclusion-digital-aula-de-informatica-para-la-huertecica\/\">\n\t\t\t\t\t\t\t\t\t\t<span class=\"pp-button-text\">\n\t\t\t\t\tLeer m\u00e1s\t\t\t\t<\/span>\n\t\t\t\t\t\t\t\t\t<span class=\"pp-button-icon elementor-button-icon elementor-align-icon-right\">\n\t\t\t\t\t\t\t<\/span>\n\t\t\t\t\t<\/a>\n\t\t\t\t\t\t\t\t<\/div>\n\n\t\t\t\t\t\t\t<\/div>\n\t\t\t\t\t<\/div>\n\t\t\t\t<div class=\"pp-post-wrap pp-carousel-item-wrap swiper-slide post-5393 post type-post status-publish format-standard has-post-thumbnail hentry category-rsc\">\n\t\t\t\t\t\t<div class=\"pp-post pp-carousel-item\">\n\t\t\t\t\n\t\t\t\t\n\t\t\t\t<div class=\"pp-post-content-wrap\">\n\t\t\t\t\t<div class=\"pp-post-content\">\n\t\t\t\t\t\t\t\t<div class=\"pp-post-thumbnail\">\n\t\t\t<div class=\"pp-post-thumbnail-wrap\">\n\t\t\t\t<a href=\"https:\/\/www.sensei.es\/web\/rsc\/futuro-sostenible-nuestra-nueva-planta-fotovoltaica\/\"><img loading=\"lazy\" decoding=\"async\" width=\"300\" height=\"300\" src=\"https:\/\/www.sensei.es\/web\/wp-content\/uploads\/2024\/02\/2-1-300x300.jpg\" class=\"attachment-medium size-medium wp-image-5284\" alt=\"Obra social Sensei\" srcset=\"https:\/\/www.sensei.es\/web\/wp-content\/uploads\/2024\/02\/2-1-300x300.jpg 300w, https:\/\/www.sensei.es\/web\/wp-content\/uploads\/2024\/02\/2-1-1024x1024.jpg 1024w, https:\/\/www.sensei.es\/web\/wp-content\/uploads\/2024\/02\/2-1-150x150.jpg 150w, https:\/\/www.sensei.es\/web\/wp-content\/uploads\/2024\/02\/2-1-768x768.jpg 768w, https:\/\/www.sensei.es\/web\/wp-content\/uploads\/2024\/02\/2-1.jpg 1080w\" sizes=\"(max-width: 300px) 100vw, 300px\" \/><\/a>\t\t\t<\/div>\n\t\t<\/div>\n\t\t\t\t\t\t\t\t<div class=\"pp-post-meta\">\n\t\t\t\t\t\t\t<\/div>\n\t\t\t\t\t\t\t\t\t<span class=\"pp-post-title\">\n\t\t\t\t<a href=\"https:\/\/www.sensei.es\/web\/rsc\/futuro-sostenible-nuestra-nueva-planta-fotovoltaica\/\">Futuro Sostenible: Nuestra Nueva Planta Fotovoltaica<\/a>\t\t\t<\/span>\n\t\t\t\t\t\t\t<div class=\"pp-post-excerpt\">\n\t\t\tFuturo Sostenible: Nuestra Nueva Planta Fotovoltaica En Sensei, estamos comprometidos no solo con la excelencia tecnol\u00f3gica, sino tambi\u00e9n con el...\t\t<\/div>\n\t\t\t\t\t\t\t\t\t<\/div>\n\t\t\t\t\t\t\t\t\t<a class=\"pp-posts-button elementor-button elementor-size-sm\" href=\"https:\/\/www.sensei.es\/web\/rsc\/futuro-sostenible-nuestra-nueva-planta-fotovoltaica\/\">\n\t\t\t\t\t\t\t\t\t\t<span class=\"pp-button-text\">\n\t\t\t\t\tLeer m\u00e1s\t\t\t\t<\/span>\n\t\t\t\t\t\t\t\t\t<span class=\"pp-button-icon elementor-button-icon elementor-align-icon-right\">\n\t\t\t\t\t\t\t<\/span>\n\t\t\t\t\t<\/a>\n\t\t\t\t\t\t\t\t<\/div>\n\n\t\t\t\t\t\t\t<\/div>\n\t\t\t\t\t<\/div>\n\t\t\t\t<div class=\"pp-post-wrap pp-carousel-item-wrap swiper-slide post-5249 post type-post status-publish format-standard has-post-thumbnail hentry category-rsc\">\n\t\t\t\t\t\t<div class=\"pp-post pp-carousel-item\">\n\t\t\t\t\n\t\t\t\t\n\t\t\t\t<div class=\"pp-post-content-wrap\">\n\t\t\t\t\t<div class=\"pp-post-content\">\n\t\t\t\t\t\t\t\t<div class=\"pp-post-thumbnail\">\n\t\t\t<div class=\"pp-post-thumbnail-wrap\">\n\t\t\t\t<a href=\"https:\/\/www.sensei.es\/web\/rsc\/construccion-de-viviendas-en-mallapuram\/\"><img loading=\"lazy\" decoding=\"async\" width=\"300\" height=\"201\" src=\"https:\/\/www.sensei.es\/web\/wp-content\/uploads\/2024\/01\/Creacion-de-viviendas-300x201.jpg\" class=\"attachment-medium size-medium wp-image-4968\" alt=\"\" srcset=\"https:\/\/www.sensei.es\/web\/wp-content\/uploads\/2024\/01\/Creacion-de-viviendas-300x201.jpg 300w, https:\/\/www.sensei.es\/web\/wp-content\/uploads\/2024\/01\/elementor\/thumbs\/Creacion-de-viviendas-150x150.jpg 1500w, https:\/\/www.sensei.es\/web\/wp-content\/uploads\/2024\/01\/Creacion-de-viviendas.jpg 480w\" sizes=\"(max-width: 300px) 100vw, 300px\" \/><\/a>\t\t\t<\/div>\n\t\t<\/div>\n\t\t\t\t\t\t\t\t<div class=\"pp-post-meta\">\n\t\t\t\t\t\t\t<\/div>\n\t\t\t\t\t\t\t\t\t<span class=\"pp-post-title\">\n\t\t\t\t<a href=\"https:\/\/www.sensei.es\/web\/rsc\/construccion-de-viviendas-en-mallapuram\/\">Construcci\u00f3n de viviendas en Mallapuram<\/a>\t\t\t<\/span>\n\t\t\t\t\t\t\t<div class=\"pp-post-excerpt\">\n\t\t\tConstrucci\u00f3n de viviendas en Mallapuram El proyecto en el que colabor\u00f3 SENSEI para la construcci\u00f3n de viviendas, se culmin\u00f3 en...\t\t<\/div>\n\t\t\t\t\t\t\t\t\t<\/div>\n\t\t\t\t\t\t\t\t\t<a class=\"pp-posts-button elementor-button elementor-size-sm\" href=\"https:\/\/www.sensei.es\/web\/rsc\/construccion-de-viviendas-en-mallapuram\/\">\n\t\t\t\t\t\t\t\t\t\t<span class=\"pp-button-text\">\n\t\t\t\t\tLeer m\u00e1s\t\t\t\t<\/span>\n\t\t\t\t\t\t\t\t\t<span class=\"pp-button-icon elementor-button-icon elementor-align-icon-right\">\n\t\t\t\t\t\t\t<\/span>\n\t\t\t\t\t<\/a>\n\t\t\t\t\t\t\t\t<\/div>\n\n\t\t\t\t\t\t\t<\/div>\n\t\t\t\t\t<\/div>\n\t\t\t\t<div class=\"pp-post-wrap pp-carousel-item-wrap swiper-slide post-5243 post type-post status-publish format-standard has-post-thumbnail hentry category-rsc\">\n\t\t\t\t\t\t<div class=\"pp-post pp-carousel-item\">\n\t\t\t\t\n\t\t\t\t\n\t\t\t\t<div class=\"pp-post-content-wrap\">\n\t\t\t\t\t<div class=\"pp-post-content\">\n\t\t\t\t\t\t\t\t<div class=\"pp-post-thumbnail\">\n\t\t\t<div class=\"pp-post-thumbnail-wrap\">\n\t\t\t\t<a href=\"https:\/\/www.sensei.es\/web\/rsc\/acceso-a-la-educacion-de-calidad-para-personas-con-discapacidad-auditiva-y-del-habla\/\"><img loading=\"lazy\" decoding=\"async\" width=\"300\" height=\"300\" src=\"https:\/\/www.sensei.es\/web\/wp-content\/uploads\/2024\/01\/Sensei-posts-1.pdf-300x300.jpg\" class=\"attachment-medium size-medium wp-image-5216\" alt=\"\" srcset=\"https:\/\/www.sensei.es\/web\/wp-content\/uploads\/2024\/01\/Sensei-posts-1.pdf-300x300.jpg 300w, https:\/\/www.sensei.es\/web\/wp-content\/uploads\/2024\/01\/Sensei-posts-1.pdf-1024x1024.jpg 1024w, https:\/\/www.sensei.es\/web\/wp-content\/uploads\/2024\/01\/Sensei-posts-1.pdf-150x150.jpg 150w, https:\/\/www.sensei.es\/web\/wp-content\/uploads\/2024\/01\/Sensei-posts-1.pdf-768x768.jpg 768w, https:\/\/www.sensei.es\/web\/wp-content\/uploads\/2024\/01\/Sensei-posts-1.pdf.jpg 1200w\" sizes=\"(max-width: 300px) 100vw, 300px\" \/><\/a>\t\t\t<\/div>\n\t\t<\/div>\n\t\t\t\t\t\t\t\t<div class=\"pp-post-meta\">\n\t\t\t\t\t\t\t<\/div>\n\t\t\t\t\t\t\t\t\t<span class=\"pp-post-title\">\n\t\t\t\t<a href=\"https:\/\/www.sensei.es\/web\/rsc\/acceso-a-la-educacion-de-calidad-para-personas-con-discapacidad-auditiva-y-del-habla\/\">Acceso a la Educaci\u00f3n de Calidad para Personas con Discapacidad Auditiva y del Habla<\/a>\t\t\t<\/span>\n\t\t\t\t\t\t\t<div class=\"pp-post-excerpt\">\n\t\t\tAcceso a la Educaci\u00f3n de Calidad para Personas con Discapacidad Auditiva y del HablaEn 2018, se ejecut\u00f3 un proyecto en...\t\t<\/div>\n\t\t\t\t\t\t\t\t\t<\/div>\n\t\t\t\t\t\t\t\t\t<a class=\"pp-posts-button elementor-button elementor-size-sm\" href=\"https:\/\/www.sensei.es\/web\/rsc\/acceso-a-la-educacion-de-calidad-para-personas-con-discapacidad-auditiva-y-del-habla\/\">\n\t\t\t\t\t\t\t\t\t\t<span class=\"pp-button-text\">\n\t\t\t\t\tLeer m\u00e1s\t\t\t\t<\/span>\n\t\t\t\t\t\t\t\t\t<span class=\"pp-button-icon elementor-button-icon elementor-align-icon-right\">\n\t\t\t\t\t\t\t<\/span>\n\t\t\t\t\t<\/a>\n\t\t\t\t\t\t\t\t<\/div>\n\n\t\t\t\t\t\t\t<\/div>\n\t\t\t\t\t<\/div>\n\t\t\t\t<div class=\"pp-post-wrap pp-carousel-item-wrap swiper-slide post-5200 post type-post status-publish format-standard has-post-thumbnail hentry category-rsc\">\n\t\t\t\t\t\t<div class=\"pp-post pp-carousel-item\">\n\t\t\t\t\n\t\t\t\t\n\t\t\t\t<div class=\"pp-post-content-wrap\">\n\t\t\t\t\t<div class=\"pp-post-content\">\n\t\t\t\t\t\t\t\t<div class=\"pp-post-thumbnail\">\n\t\t\t<div class=\"pp-post-thumbnail-wrap\">\n\t\t\t\t<a href=\"https:\/\/www.sensei.es\/web\/rsc\/acceso-a-agua-potable-en-andhra-pradesh\/\"><img loading=\"lazy\" decoding=\"async\" width=\"300\" height=\"300\" src=\"https:\/\/www.sensei.es\/web\/wp-content\/uploads\/2024\/01\/Sensei-posts-1.pdf-300x300.png\" class=\"attachment-medium size-medium wp-image-5184\" alt=\"\" srcset=\"https:\/\/www.sensei.es\/web\/wp-content\/uploads\/2024\/01\/Sensei-posts-1.pdf-300x300.png 300w, https:\/\/www.sensei.es\/web\/wp-content\/uploads\/2024\/01\/Sensei-posts-1.pdf-1024x1024.png 1024w, https:\/\/www.sensei.es\/web\/wp-content\/uploads\/2024\/01\/Sensei-posts-1.pdf-150x150.png 150w, https:\/\/www.sensei.es\/web\/wp-content\/uploads\/2024\/01\/Sensei-posts-1.pdf-768x768.png 768w, https:\/\/www.sensei.es\/web\/wp-content\/uploads\/2024\/01\/Sensei-posts-1.pdf.png 1200w\" sizes=\"(max-width: 300px) 100vw, 300px\" \/><\/a>\t\t\t<\/div>\n\t\t<\/div>\n\t\t\t\t\t\t\t\t<div class=\"pp-post-meta\">\n\t\t\t\t\t\t\t<\/div>\n\t\t\t\t\t\t\t\t\t<span class=\"pp-post-title\">\n\t\t\t\t<a href=\"https:\/\/www.sensei.es\/web\/rsc\/acceso-a-agua-potable-en-andhra-pradesh\/\">Acceso a Agua Potable en Andhra Pradesh<\/a>\t\t\t<\/span>\n\t\t\t\t\t\t\t<div class=\"pp-post-excerpt\">\n\t\t\tAcceso a Agua Potable en Andhra PradeshEs un proyecto en colaboraci\u00f3n entre Sensei TI, S.L. y la Fundaci\u00f3n Vicente Ferrer...\t\t<\/div>\n\t\t\t\t\t\t\t\t\t<\/div>\n\t\t\t\t\t\t\t\t\t<a class=\"pp-posts-button elementor-button elementor-size-sm\" href=\"https:\/\/www.sensei.es\/web\/rsc\/acceso-a-agua-potable-en-andhra-pradesh\/\">\n\t\t\t\t\t\t\t\t\t\t<span class=\"pp-button-text\">\n\t\t\t\t\tLeer m\u00e1s\t\t\t\t<\/span>\n\t\t\t\t\t\t\t\t\t<span class=\"pp-button-icon elementor-button-icon elementor-align-icon-right\">\n\t\t\t\t\t\t\t<\/span>\n\t\t\t\t\t<\/a>\n\t\t\t\t\t\t\t\t<\/div>\n\n\t\t\t\t\t\t\t<\/div>\n\t\t\t\t\t<\/div>\n\t\t\t\t<div class=\"pp-post-wrap pp-carousel-item-wrap swiper-slide post-5102 post type-post status-publish format-standard has-post-thumbnail hentry category-rsc tag-ubicacion-kambadahal\">\n\t\t\t\t\t\t<div class=\"pp-post pp-carousel-item\">\n\t\t\t\t\n\t\t\t\t\n\t\t\t\t<div class=\"pp-post-content-wrap\">\n\t\t\t\t\t<div class=\"pp-post-content\">\n\t\t\t\t\t\t\t\t<div class=\"pp-post-thumbnail\">\n\t\t\t<div class=\"pp-post-thumbnail-wrap\">\n\t\t\t\t<a href=\"https:\/\/www.sensei.es\/web\/rsc\/construccion-de-escuela-centro-comunitario-en-kambadahal-un-impulso-al-desarrollo-educativo-y-comunitario\/\"><img loading=\"lazy\" decoding=\"async\" width=\"300\" height=\"225\" src=\"https:\/\/www.sensei.es\/web\/wp-content\/uploads\/2024\/01\/J_8012_V1_PHOTOS_16-300x225.jpg\" class=\"attachment-medium size-medium wp-image-5105\" alt=\"\" srcset=\"https:\/\/www.sensei.es\/web\/wp-content\/uploads\/2024\/01\/J_8012_V1_PHOTOS_16-300x225.jpg 300w, https:\/\/www.sensei.es\/web\/wp-content\/uploads\/2024\/01\/J_8012_V1_PHOTOS_16-768x576.jpg 768w, https:\/\/www.sensei.es\/web\/wp-content\/uploads\/2024\/01\/J_8012_V1_PHOTOS_16.jpg 1008w\" sizes=\"(max-width: 300px) 100vw, 300px\" \/><\/a>\t\t\t<\/div>\n\t\t<\/div>\n\t\t\t\t\t\t\t\t<div class=\"pp-post-meta\">\n\t\t\t\t\t\t\t<\/div>\n\t\t\t\t\t\t\t\t\t<span class=\"pp-post-title\">\n\t\t\t\t<a href=\"https:\/\/www.sensei.es\/web\/rsc\/construccion-de-escuela-centro-comunitario-en-kambadahal-un-impulso-al-desarrollo-educativo-y-comunitario\/\">Construcci\u00f3n de Escuela-Centro Comunitario en Kambadahal: Un Impulso al Desarrollo Educativo y Comunitario<\/a>\t\t\t<\/span>\n\t\t\t\t\t\t\t<div class=\"pp-post-excerpt\">\n\t\t\tConstrucci\u00f3n de Escuela-Centro Comunitario en Kambadahal: Un Impulso al Desarrollo Educativo y ComunitarioEste proyecto, Sensei, en colaboraci\u00f3n con la Fundaci\u00f3n...\t\t<\/div>\n\t\t\t\t\t\t\t\t\t<\/div>\n\t\t\t\t\t\t\t\t\t<a class=\"pp-posts-button elementor-button elementor-size-sm\" href=\"https:\/\/www.sensei.es\/web\/rsc\/construccion-de-escuela-centro-comunitario-en-kambadahal-un-impulso-al-desarrollo-educativo-y-comunitario\/\">\n\t\t\t\t\t\t\t\t\t\t<span class=\"pp-button-text\">\n\t\t\t\t\tLeer m\u00e1s\t\t\t\t<\/span>\n\t\t\t\t\t\t\t\t\t<span class=\"pp-button-icon elementor-button-icon elementor-align-icon-right\">\n\t\t\t\t\t\t\t<\/span>\n\t\t\t\t\t<\/a>\n\t\t\t\t\t\t\t\t<\/div>\n\n\t\t\t\t\t\t\t<\/div>\n\t\t\t\t\t<\/div>\n\t\t\t\t<div class=\"pp-post-wrap pp-carousel-item-wrap swiper-slide post-5086 post type-post status-publish format-standard has-post-thumbnail hentry category-rsc tag-bathalapalli\">\n\t\t\t\t\t\t<div class=\"pp-post pp-carousel-item\">\n\t\t\t\t\n\t\t\t\t\n\t\t\t\t<div class=\"pp-post-content-wrap\">\n\t\t\t\t\t<div class=\"pp-post-content\">\n\t\t\t\t\t\t\t\t<div class=\"pp-post-thumbnail\">\n\t\t\t<div class=\"pp-post-thumbnail-wrap\">\n\t\t\t\t<a href=\"https:\/\/www.sensei.es\/web\/rsc\/atencion-sanitaria-y-apoyo-para-personas-con-enfermedades-infecciosas\/\"><img loading=\"lazy\" decoding=\"async\" width=\"300\" height=\"200\" src=\"https:\/\/www.sensei.es\/web\/wp-content\/uploads\/2024\/01\/control-vhi-india-300x200.jpg\" class=\"attachment-medium size-medium wp-image-5088\" alt=\"\" srcset=\"https:\/\/www.sensei.es\/web\/wp-content\/uploads\/2024\/01\/control-vhi-india-300x200.jpg 300w, https:\/\/www.sensei.es\/web\/wp-content\/uploads\/2024\/01\/control-vhi-india-1024x683.jpg 1024w, https:\/\/www.sensei.es\/web\/wp-content\/uploads\/2024\/01\/control-vhi-india-768x512.jpg 768w, https:\/\/www.sensei.es\/web\/wp-content\/uploads\/2024\/01\/control-vhi-india.jpg 1500w\" sizes=\"(max-width: 300px) 100vw, 300px\" \/><\/a>\t\t\t<\/div>\n\t\t<\/div>\n\t\t\t\t\t\t\t\t<div class=\"pp-post-meta\">\n\t\t\t\t\t\t\t<\/div>\n\t\t\t\t\t\t\t\t\t<span class=\"pp-post-title\">\n\t\t\t\t<a href=\"https:\/\/www.sensei.es\/web\/rsc\/atencion-sanitaria-y-apoyo-para-personas-con-enfermedades-infecciosas\/\">Atenci\u00f3n Sanitaria y Apoyo para Personas con Enfermedades Infecciosas<\/a>\t\t\t<\/span>\n\t\t\t\t\t\t\t<div class=\"pp-post-excerpt\">\n\t\t\tAtenci\u00f3n Sanitaria y Apoyo para Personas con Enfermedades InfecciosasEl proyecto \"Atenci\u00f3n Sanitaria y Apoyo para Personas con Enfermedades Infecciosas\" nace...\t\t<\/div>\n\t\t\t\t\t\t\t\t\t<\/div>\n\t\t\t\t\t\t\t\t\t<a class=\"pp-posts-button elementor-button elementor-size-sm\" href=\"https:\/\/www.sensei.es\/web\/rsc\/atencion-sanitaria-y-apoyo-para-personas-con-enfermedades-infecciosas\/\">\n\t\t\t\t\t\t\t\t\t\t<span class=\"pp-button-text\">\n\t\t\t\t\tLeer m\u00e1s\t\t\t\t<\/span>\n\t\t\t\t\t\t\t\t\t<span class=\"pp-button-icon elementor-button-icon elementor-align-icon-right\">\n\t\t\t\t\t\t\t<\/span>\n\t\t\t\t\t<\/a>\n\t\t\t\t\t\t\t\t<\/div>\n\n\t\t\t\t\t\t\t<\/div>\n\t\t\t\t\t<\/div>\n\t\t\t\t<div class=\"pp-post-wrap pp-carousel-item-wrap swiper-slide post-5057 post type-post status-publish format-standard has-post-thumbnail hentry category-rsc\">\n\t\t\t\t\t\t<div class=\"pp-post pp-carousel-item\">\n\t\t\t\t\n\t\t\t\t\n\t\t\t\t<div class=\"pp-post-content-wrap\">\n\t\t\t\t\t<div class=\"pp-post-content\">\n\t\t\t\t\t\t\t\t<div class=\"pp-post-thumbnail\">\n\t\t\t<div class=\"pp-post-thumbnail-wrap\">\n\t\t\t\t<a href=\"https:\/\/www.sensei.es\/web\/rsc\/proyecto-de-atencion-medica-pediatrica-en-andhra-pradesh\/\"><img loading=\"lazy\" decoding=\"async\" width=\"300\" height=\"200\" src=\"https:\/\/www.sensei.es\/web\/wp-content\/uploads\/2024\/01\/Atencion-primaria-sensei-300x200.png\" class=\"attachment-medium size-medium wp-image-5059\" alt=\"\" srcset=\"https:\/\/www.sensei.es\/web\/wp-content\/uploads\/2024\/01\/Atencion-primaria-sensei-300x200.png 300w, https:\/\/www.sensei.es\/web\/wp-content\/uploads\/2024\/01\/Atencion-primaria-sensei-1024x683.png 1024w, https:\/\/www.sensei.es\/web\/wp-content\/uploads\/2024\/01\/Atencion-primaria-sensei-768x512.png 768w, https:\/\/www.sensei.es\/web\/wp-content\/uploads\/2024\/01\/Atencion-primaria-sensei.png 1500w\" sizes=\"(max-width: 300px) 100vw, 300px\" \/><\/a>\t\t\t<\/div>\n\t\t<\/div>\n\t\t\t\t\t\t\t\t<div class=\"pp-post-meta\">\n\t\t\t\t\t\t\t<\/div>\n\t\t\t\t\t\t\t\t\t<span class=\"pp-post-title\">\n\t\t\t\t<a href=\"https:\/\/www.sensei.es\/web\/rsc\/proyecto-de-atencion-medica-pediatrica-en-andhra-pradesh\/\">Proyecto de Atenci\u00f3n M\u00e9dica Pedi\u00e1trica en Andhra Pradesh<\/a>\t\t\t<\/span>\n\t\t\t\t\t\t\t<div class=\"pp-post-excerpt\">\n\t\t\tColaboraci\u00f3n para el Desarrollo Sanitario Infantil en Andhra PradeshSensei TIC en colaboraci\u00f3n con La Fundaci\u00f3n Vicente Ferrer (FVF), una ONG...\t\t<\/div>\n\t\t\t\t\t\t\t\t\t<\/div>\n\t\t\t\t\t\t\t\t\t<a class=\"pp-posts-button elementor-button elementor-size-sm\" href=\"https:\/\/www.sensei.es\/web\/rsc\/proyecto-de-atencion-medica-pediatrica-en-andhra-pradesh\/\">\n\t\t\t\t\t\t\t\t\t\t<span class=\"pp-button-text\">\n\t\t\t\t\tLeer m\u00e1s\t\t\t\t<\/span>\n\t\t\t\t\t\t\t\t\t<span class=\"pp-button-icon elementor-button-icon elementor-align-icon-right\">\n\t\t\t\t\t\t\t<\/span>\n\t\t\t\t\t<\/a>\n\t\t\t\t\t\t\t\t<\/div>\n\n\t\t\t\t\t\t\t<\/div>\n\t\t\t\t\t<\/div>\n\t\t\t\t\t\t<\/div>\t\t\t<\/div>\n\t\t\t\t\t\t\t<div class=\"pp-slider-arrow pp-arrow-prev elementor-swiper-button-prev swiper-button-prev-20cca4ac\">\n\t\t\t\t\t<i aria-hidden=\"true\" class=\"fas fa-angle-left\"><\/i>\t\t\t\t<\/div>\n\t\t\t\t<div class=\"pp-slider-arrow pp-arrow-next elementor-swiper-button-next swiper-button-next-20cca4ac\">\n\t\t\t\t\t<i aria-hidden=\"true\" class=\"fas fa-angle-right\"><\/i>\t\t\t\t<\/div>\n\t\t\t\n\t\t\t\n\t\t\t\n\t\t\t\n\t\t\t\t\t<\/div>\n\n\t\t\n\t\t\t\t<\/div>\n\t\t\t\t<\/div>\n\t\t\t\t\t<\/div>\n\t\t<\/div>\n\t\t\t\t\t<\/div>\n\t\t<\/section>\n\t\t\t\t<\/div>\n\t\t","protected":false},"excerpt":{"rendered":"<p>Contribuci\u00f3n a la Fundaci\u00f3n Fibrosis Qu\u00edstica Murcia En nuestra continua b\u00fasqueda de marcar una diferencia positiva en la sociedad, Sensei se enorgullece de destacar otro proyecto emblem\u00e1tico de Responsabilidad Social Corporativa. En esta ocasi\u00f3n, recordamos con gratitud nuestra colaboraci\u00f3n con la Fundaci\u00f3n Fibrosis Qu\u00edstica. La donaci\u00f3n otorgada por Sensei a la Fundaci\u00f3n Fibrosis Qu\u00edstica Murcia, [&hellip;]<\/p>\n","protected":false},"author":1,"featured_media":5546,"comment_status":"closed","ping_status":"open","sticky":false,"template":"elementor_header_footer","format":"standard","meta":{"inline_featured_image":false,"footnotes":""},"categories":[156],"tags":[],"class_list":["post-5547","post","type-post","status-publish","format-standard","has-post-thumbnail","hentry","category-rsc"],"_links":{"self":[{"href":"https:\/\/www.sensei.es\/web\/wp-json\/wp\/v2\/posts\/5547","targetHints":{"allow":["GET"]}}],"collection":[{"href":"https:\/\/www.sensei.es\/web\/wp-json\/wp\/v2\/posts"}],"about":[{"href":"https:\/\/www.sensei.es\/web\/wp-json\/wp\/v2\/types\/post"}],"author":[{"embeddable":true,"href":"https:\/\/www.sensei.es\/web\/wp-json\/wp\/v2\/users\/1"}],"replies":[{"embeddable":true,"href":"https:\/\/www.sensei.es\/web\/wp-json\/wp\/v2\/comments?post=5547"}],"version-history":[{"count":8,"href":"https:\/\/www.sensei.es\/web\/wp-json\/wp\/v2\/posts\/5547\/revisions"}],"predecessor-version":[{"id":5789,"href":"https:\/\/www.sensei.es\/web\/wp-json\/wp\/v2\/posts\/5547\/revisions\/5789"}],"wp:featuredmedia":[{"embeddable":true,"href":"https:\/\/www.sensei.es\/web\/wp-json\/wp\/v2\/media\/5546"}],"wp:attachment":[{"href":"https:\/\/www.sensei.es\/web\/wp-json\/wp\/v2\/media?parent=5547"}],"wp:term":[{"taxonomy":"category","embeddable":true,"href":"https:\/\/www.sensei.es\/web\/wp-json\/wp\/v2\/categories?post=5547"},{"taxonomy":"post_tag","embeddable":true,"href":"https:\/\/www.sensei.es\/web\/wp-json\/wp\/v2\/tags?post=5547"}],"curies":[{"name":"wp","href":"https:\/\/api.w.org\/{rel}","templated":true}]}}